{"id":2378,"date":"2011-12-21T09:00:48","date_gmt":"2011-12-21T08:00:48","guid":{"rendered":"http:\/\/www.nostrum.es\/blog\/?p=2378"},"modified":"2011-12-20T10:42:20","modified_gmt":"2011-12-20T09:42:20","slug":"terminacion-del-plazo-para-bonificaciones-en-contratos-a-tiempo-parcial","status":"publish","type":"post","link":"https:\/\/www.nostrum.es\/blog\/2011\/12\/21\/terminacion-del-plazo-para-bonificaciones-en-contratos-a-tiempo-parcial\/","title":{"rendered":"Terminaci\u00f3n del plazo para Bonificaciones en contratos a tiempo parcial"},"content":{"rendered":"<p>Seg\u00fan el <a href=\"http:\/\/www.boe.es\/boe\/dias\/2011\/02\/12\/pdfs\/BOE-A-2011-2701.pdf\">Real Decreto Ley 1\/2011<\/a> hasta el 12 de febrero de 2.012 se podr\u00e1 bonificar si se contrata de forma indefinida o temporal a personas desempleadas inscritas en la Oficina de empleo, al menos desde el 01\/01\/2011, mediante un contrato de trabajo a tiempo parcial<\/p>\n<p>Los trabajadores deber\u00e1n <strong>cumplir alguno de los siguientes requisitos<\/strong>:<a href=\"http:\/\/www.nostrum.es\/blog\/wp-content\/uploads\/2011\/12\/P9011526.jpg\"><img decoding=\"async\" loading=\"lazy\" class=\"alignright size-medium wp-image-2379\" title=\"OLYMPUS DIGITAL CAMERA\" src=\"http:\/\/www.nostrum.es\/blog\/wp-content\/uploads\/2011\/12\/P9011526-300x225.jpg\" alt=\"\" width=\"300\" height=\"225\" srcset=\"https:\/\/www.nostrum.es\/blog\/wp-content\/uploads\/2011\/12\/P9011526-300x225.jpg 300w, https:\/\/www.nostrum.es\/blog\/wp-content\/uploads\/2011\/12\/P9011526-1024x768.jpg 1024w\" sizes=\"(max-width: 300px) 100vw, 300px\" \/><\/a><\/p>\n<ul>\n<li>Tener una edad igual o inferior a 30 a\u00f1os.<\/li>\n<li>\u00a0Llevar inscritas en la Oficina de Empleo al menos 12 meses en los 18 meses anteriores a la contrataci\u00f3n.<\/li>\n<\/ul>\n<p>El contrato de trabajo deber\u00e1 tener una jornada entre el 50 y el 75% de la jornada a tiempo completo comparable, tener una duraci\u00f3n m\u00ednima de 6 meses y suponer un incremento neto de la plantilla de la empresa.<\/p>\n<p>Si estos requisitos se cumplen las empresas tendr\u00e1n derecho durante los 12 meses siguientes a la contrataci\u00f3n,a\u00a0 una <strong>reducci\u00f3n<\/strong> del 100% en todas las cuotas empresariales de la Seguridad Social si tienen menos de 250 trabajadores, o del 75% si tienen 250 trabajadores o m\u00e1s.<\/p>\n<p>Las empresas que se acojan a estas reducciones estar\u00e1n obligadas a mantener, durante el periodo de duraci\u00f3n de la reducci\u00f3n, el nivel de empleo alcanzado con la contrataci\u00f3n realizada.<\/p>\n<p>&nbsp;<\/p>\n","protected":false},"excerpt":{"rendered":"<p>Seg\u00fan el Real Decreto Ley 1\/2011 hasta el 12 de febrero de 2.012 se podr\u00e1 bonificar si se contrata de forma indefinida o temporal a personas desempleadas inscritas en la Oficina de empleo, al menos desde el 01\/01\/2011, mediante un &hellip; <a href=\"https:\/\/www.nostrum.es\/blog\/2011\/12\/21\/terminacion-del-plazo-para-bonificaciones-en-contratos-a-tiempo-parcial\/\">Sigue leyendo <span class=\"meta-nav\">&rarr;<\/span><\/a><\/p>\n","protected":false},"author":7,"featured_media":0,"comment_status":"open","ping_status":"open","sticky":false,"template":"","format":"standard","meta":[],"categories":[1],"tags":[],"_links":{"self":[{"href":"https:\/\/www.nostrum.es\/blog\/wp-json\/wp\/v2\/posts\/2378"}],"collection":[{"href":"https:\/\/www.nostrum.es\/blog\/wp-json\/wp\/v2\/posts"}],"about":[{"href":"https:\/\/www.nostrum.es\/blog\/wp-json\/wp\/v2\/types\/post"}],"author":[{"embeddable":true,"href":"https:\/\/www.nostrum.es\/blog\/wp-json\/wp\/v2\/users\/7"}],"replies":[{"embeddable":true,"href":"https:\/\/www.nostrum.es\/blog\/wp-json\/wp\/v2\/comments?post=2378"}],"version-history":[{"count":3,"href":"https:\/\/www.nostrum.es\/blog\/wp-json\/wp\/v2\/posts\/2378\/revisions"}],"predecessor-version":[{"id":2381,"href":"https:\/\/www.nostrum.es\/blog\/wp-json\/wp\/v2\/posts\/2378\/revisions\/2381"}],"wp:attachment":[{"href":"https:\/\/www.nostrum.es\/blog\/wp-json\/wp\/v2\/media?parent=2378"}],"wp:term":[{"taxonomy":"category","embeddable":true,"href":"https:\/\/www.nostrum.es\/blog\/wp-json\/wp\/v2\/categories?post=2378"},{"taxonomy":"post_tag","embeddable":true,"href":"https:\/\/www.nostrum.es\/blog\/wp-json\/wp\/v2\/tags?post=2378"}],"curies":[{"name":"wp","href":"https:\/\/api.w.org\/{rel}","templated":true}]}}