{"id":2870,"date":"2013-03-01T09:17:50","date_gmt":"2013-03-01T08:17:50","guid":{"rendered":"http:\/\/www.nostrum.es\/blog\/?p=2870"},"modified":"2013-02-28T14:24:04","modified_gmt":"2013-02-28T13:24:04","slug":"ley-de-emprendedores","status":"publish","type":"post","link":"https:\/\/www.nostrum.es\/blog\/2013\/03\/01\/ley-de-emprendedores\/","title":{"rendered":"Ley de Emprendedores"},"content":{"rendered":"<p>Las principales l\u00edneas de esta norma son las siguientes:<\/p>\n<h3>Tarifa plana de 50 euros en la cotizaci\u00f3n a la Seguridad Social.<\/h3>\n<ul>\n<li>Para nuevos aut\u00f3nomos menores de 30 a\u00f1os que inicien una actividad por cuenta propia durante los primeros 6 meses.<\/li>\n<li>Durante los 6 meses siguientes, se aplicar\u00e1 una reducci\u00f3n en la base m\u00ednima de cotizaci\u00f3n del 50%, tras los cuales, y durante los 18 meses siguientes, una reducci\u00f3n y una bonificaci\u00f3n de un 30%.<\/li>\n<li>Aplicaci\u00f3n en los 12 primeros meses de cotizaci\u00f3n como aut\u00f3nomos de tarifa plana de 50 euros a personas con discapacidad. Los cuatro a\u00f1os siguientes, se les aplicar\u00e1 una bonificaci\u00f3n del 50% de la cuota.<\/li>\n<\/ul>\n<h3>Compatibilizaci\u00f3n de la prestaci\u00f3n por desempleo con el inicio de una actividad por cuenta propia.<\/h3>\n<ul>\n<li>Para menores de 30 a\u00f1os y durante un m\u00e1ximo de 9 meses, la percepci\u00f3n de la prestaci\u00f3n por desempleo ser\u00e1 compatible con la situaci\u00f3n de alta en el R\u00e9gimen Especial de Trabajadores Aut\u00f3nomos.<\/li>\n<\/ul>\n<h3>Ampliaci\u00f3n de la capitalizaci\u00f3n del desempleo para iniciar una actividad emprendedora.<\/h3>\n<ul>\n<li>Los beneficiarios de prestaciones por desempleo, menores de 30 a\u00f1os, podr\u00e1n capitalizar hasta el 100% de su prestaci\u00f3n para realizar una aportaci\u00f3n al capital social de una sociedad mercantil, siempre y cuando se establezca una vinculaci\u00f3n profesional o laboral de car\u00e1cter indefinido.<\/li>\n<\/ul>\n<h3>Reanudaci\u00f3n el cobro de la prestaci\u00f3n por desempleo.<\/h3>\n<ul>\n<li>Si un desempleado decide iniciar una actividad por cuenta propia y en el plazo de 5 a\u00f1os causa baja, podr\u00e1 reanudar el cobro de la prestaci\u00f3n a la que ten\u00eda derecho.<\/li>\n<\/ul>\n<h3>Mejora de la intermediaci\u00f3n laboral.<\/h3>\n<ul>\n<li>Impulso con las Comunidades Aut\u00f3nomas a la colaboraci\u00f3n p\u00fablico-privada para la intermediaci\u00f3n en el \u00e1mbito de los servicios p\u00fablicos de empleo.<\/li>\n<li>Portal \u00danico de Empleo que facilite la b\u00fasqueda de empleo.<\/li>\n<\/ul>\n<h3>Est\u00edmulos a la contrataci\u00f3n de los j\u00f3venes hasta que la tasa de paro se sit\u00fae por debajo del 15%.<\/h3>\n<ul>\n<li>Reducci\u00f3n de la cuota de la empresa a la Seguridad Social en un 75% para empresas de m\u00e1s de 250 trabajadores y del 100% para el resto, para la contrataci\u00f3n a tiempo parcial con vinculaci\u00f3n formativa para menores de 30 a\u00f1os sin experiencia laboral previa, que provengan de sectores donde no haya demanda de empleo o que se encuentren desempleados desde hace m\u00e1s de 12 meses.<\/li>\n<li>Los aut\u00f3nomos y las empresas de hasta 9 trabajadores se beneficiar\u00e1n de una reducci\u00f3n del 100% de la cuota de la empresa a la Seguridad Social por contingencias comunes durante el primer a\u00f1o cuando contraten de forma indefinida a un desempleado menor de 30 a\u00f1os (incentivo por el primer contrato que realicen tras la entrada en vigor de la norma).<\/li>\n<li>Contrato \u201cprimer empleo joven\u201d: modificaci\u00f3n del actual contrato eventual para contratar a menores de 30 a\u00f1os desempleados sin experiencia profesional previa, con incentivos a su trasformaci\u00f3n en indefinido (bonificaci\u00f3n de 500 euros\/a\u00f1o durante de 3 a\u00f1os o 700 euros si se suscribe con mujeres).<\/li>\n<li>Se incentiva el contrato en pr\u00e1cticas para el primer empleo, con el fin de que los j\u00f3venes que han terminado su periodo formativo, puedan tener una primera experiencia laboral vinculada a su titulaci\u00f3n. Se establecer\u00e1 una reducci\u00f3n de la cuota de la empresa a la Seguridad Social por contingencias comunes de hasta el 50%.<\/li>\n<li>Se promueve la contrataci\u00f3n de personas con experiencia para su incorporaci\u00f3n a nuevos proyectos de emprendimiento joven.<\/li>\n<\/ul>\n<h3>Incentivo a la contrataci\u00f3n indefinida<\/h3>\n<ul>\n<li>cuyo objetivo es estimular a los j\u00f3venes aut\u00f3nomos menores de 30 a\u00f1os a contratar a un desempleado de larga duraci\u00f3n, mayor de 45 a\u00f1os, que pueda ofrecer a la actividad la experiencia necesaria. Consiste en una reducci\u00f3n de la cuota de la empresa a la Seguridad Social por contingencias comunes del 100%, durante el primer a\u00f1o de contrato.<\/li>\n<\/ul>\n<h3>Incentivos a la contrataci\u00f3n en entidades de la Econom\u00eda Social<\/h3>\n<ul>\n<li>Bonificaci\u00f3n de la cuota empresarial durante 3 a\u00f1os (800\u20ac\/a\u00f1o) por la incorporaci\u00f3n de menores de 30 a\u00f1os a las cooperativas y a las sociedades laborales en calidad de socios trabajadores.<\/li>\n<li>Bonificaci\u00f3n de la cuota empresarial durante 3 a\u00f1os (800\u20ac\/a\u00f1o) por la contrataci\u00f3n de desempleados j\u00f3venes menores de 30 a\u00f1os y en riesgo de exclusi\u00f3n social a trav\u00e9s de las empresas de inserci\u00f3n.<\/li>\n<\/ul>\n<h3>Medidas tributarias:<\/h3>\n<ul>\n<li>Impuesto sobre Sociedades: establece un tipo del 15% para los primeros 300.000\u20ac de base imponible y un 20% para el exceso de base sobre la cifra anterior para entidades de nueva creaci\u00f3n (creadas a partir de 01-01-13) y aplicable al primer periodo impositivo en que la base imponible sea positiva y en el siguiente. Esto con efectos para ejercicios iniciados a partir de 01-01-13.<\/li>\n<li>Impuesto sobre la Renta:<\/li>\n<ul>\n<li>La exenci\u00f3n de las prestaciones por desempleo percibidas en pago \u00fanico ya no se limita a 15.500\u20ac.<\/li>\n<li>Los contribuyentes que inicien una actividad econ\u00f3mica a partir de 01-01-13, y determinen su rendimiento neto en r\u00e9gimen de estimaci\u00f3n directa, podr\u00e1n reducir en un 20% el rendimiento neto positivo declarado con arreglo a dicho m\u00e9todo, en el primer periodo en que sea positivo y en el siguiente. La reducci\u00f3n se aplicar\u00e1 sobre un rendimiento positivo m\u00e1ximo de 100.000\u20ac anuales. La medida tiene efectos a partir de 2013.<\/li>\n<\/ul>\n<\/ul>\n<p>&nbsp;<\/p>\n","protected":false},"excerpt":{"rendered":"<p>Las principales l\u00edneas de esta norma son las siguientes: Tarifa plana de 50 euros en la cotizaci\u00f3n a la Seguridad Social. Para nuevos aut\u00f3nomos menores de 30 a\u00f1os que inicien una actividad por cuenta propia durante los primeros 6 meses. &hellip; <a href=\"https:\/\/www.nostrum.es\/blog\/2013\/03\/01\/ley-de-emprendedores\/\">Sigue leyendo <span class=\"meta-nav\">&rarr;<\/span><\/a><\/p>\n","protected":false},"author":3,"featured_media":0,"comment_status":"open","ping_status":"open","sticky":false,"template":"","format":"standard","meta":[],"categories":[22,26,21],"tags":[],"_links":{"self":[{"href":"https:\/\/www.nostrum.es\/blog\/wp-json\/wp\/v2\/posts\/2870"}],"collection":[{"href":"https:\/\/www.nostrum.es\/blog\/wp-json\/wp\/v2\/posts"}],"about":[{"href":"https:\/\/www.nostrum.es\/blog\/wp-json\/wp\/v2\/types\/post"}],"author":[{"embeddable":true,"href":"https:\/\/www.nostrum.es\/blog\/wp-json\/wp\/v2\/users\/3"}],"replies":[{"embeddable":true,"href":"https:\/\/www.nostrum.es\/blog\/wp-json\/wp\/v2\/comments?post=2870"}],"version-history":[{"count":2,"href":"https:\/\/www.nostrum.es\/blog\/wp-json\/wp\/v2\/posts\/2870\/revisions"}],"predecessor-version":[{"id":2872,"href":"https:\/\/www.nostrum.es\/blog\/wp-json\/wp\/v2\/posts\/2870\/revisions\/2872"}],"wp:attachment":[{"href":"https:\/\/www.nostrum.es\/blog\/wp-json\/wp\/v2\/media?parent=2870"}],"wp:term":[{"taxonomy":"category","embeddable":true,"href":"https:\/\/www.nostrum.es\/blog\/wp-json\/wp\/v2\/categories?post=2870"},{"taxonomy":"post_tag","embeddable":true,"href":"https:\/\/www.nostrum.es\/blog\/wp-json\/wp\/v2\/tags?post=2870"}],"curies":[{"name":"wp","href":"https:\/\/api.w.org\/{rel}","templated":true}]}}