{"id":2883,"date":"2013-03-14T09:25:42","date_gmt":"2013-03-14T08:25:42","guid":{"rendered":"http:\/\/www.nostrum.es\/blog\/?p=2883"},"modified":"2013-03-08T11:27:15","modified_gmt":"2013-03-08T10:27:15","slug":"cobrar-el-paro-y-desarrollar-una-actividad-a-la-vez","status":"publish","type":"post","link":"https:\/\/www.nostrum.es\/blog\/2013\/03\/14\/cobrar-el-paro-y-desarrollar-una-actividad-a-la-vez\/","title":{"rendered":"Cobrar el paro y desarrollar una actividad a la vez"},"content":{"rendered":"<p>Tras las \u00faltimas medidas de apoyo a los emprendedores, aquellas personas que sean beneficiarias de una prestaci\u00f3n por desempleo y que inicien una actividad por cuenta propia pueden compatibilizar el desarrollo de dicha actividad con el cobro de la prestaci\u00f3n.<\/p>\n<p>Para ello, deben cumplirse los siguientes requisitos:<\/p>\n<ul>\n<li>El beneficiario de la prestaci\u00f3n por desempleo debe tener menos de 30 a\u00f1os en el momento de iniciar la actividad por cuenta propia.<\/li>\n<li>Asimismo, debe solicitar dicha compatibilidad al Servicio P\u00fablico de Empleo dentro de los 15 d\u00edas siguientes al inicio de la actividad.<\/li>\n<\/ul>\n<p>El trabajo por cuenta propia podr\u00e1 compatibilizarse con la prestaci\u00f3n mensual, con un m\u00e1ximo de 270 d\u00edas de prestaci\u00f3n por desempleo, o por el tiempo inferior pendiente de percibir.<\/p>\n<p>&nbsp;<\/p>\n","protected":false},"excerpt":{"rendered":"<p>Tras las \u00faltimas medidas de apoyo a los emprendedores, aquellas personas que sean beneficiarias de una prestaci\u00f3n por desempleo y que inicien una actividad por cuenta propia pueden compatibilizar el desarrollo de dicha actividad con el cobro de la prestaci\u00f3n. &hellip; <a href=\"https:\/\/www.nostrum.es\/blog\/2013\/03\/14\/cobrar-el-paro-y-desarrollar-una-actividad-a-la-vez\/\">Sigue leyendo <span class=\"meta-nav\">&rarr;<\/span><\/a><\/p>\n","protected":false},"author":3,"featured_media":0,"comment_status":"open","ping_status":"open","sticky":false,"template":"","format":"standard","meta":[],"categories":[22,21],"tags":[],"_links":{"self":[{"href":"https:\/\/www.nostrum.es\/blog\/wp-json\/wp\/v2\/posts\/2883"}],"collection":[{"href":"https:\/\/www.nostrum.es\/blog\/wp-json\/wp\/v2\/posts"}],"about":[{"href":"https:\/\/www.nostrum.es\/blog\/wp-json\/wp\/v2\/types\/post"}],"author":[{"embeddable":true,"href":"https:\/\/www.nostrum.es\/blog\/wp-json\/wp\/v2\/users\/3"}],"replies":[{"embeddable":true,"href":"https:\/\/www.nostrum.es\/blog\/wp-json\/wp\/v2\/comments?post=2883"}],"version-history":[{"count":3,"href":"https:\/\/www.nostrum.es\/blog\/wp-json\/wp\/v2\/posts\/2883\/revisions"}],"predecessor-version":[{"id":2886,"href":"https:\/\/www.nostrum.es\/blog\/wp-json\/wp\/v2\/posts\/2883\/revisions\/2886"}],"wp:attachment":[{"href":"https:\/\/www.nostrum.es\/blog\/wp-json\/wp\/v2\/media?parent=2883"}],"wp:term":[{"taxonomy":"category","embeddable":true,"href":"https:\/\/www.nostrum.es\/blog\/wp-json\/wp\/v2\/categories?post=2883"},{"taxonomy":"post_tag","embeddable":true,"href":"https:\/\/www.nostrum.es\/blog\/wp-json\/wp\/v2\/tags?post=2883"}],"curies":[{"name":"wp","href":"https:\/\/api.w.org\/{rel}","templated":true}]}}